{"id":23677,"date":"2022-04-20T18:29:20","date_gmt":"2022-04-20T16:29:20","guid":{"rendered":"https:\/\/www.leopoldaueralm.at\/tu-fiesta-de-verano-en-la-alm\/"},"modified":"2025-11-27T08:21:45","modified_gmt":"2025-11-27T07:21:45","slug":"tu-fiesta-de-verano-en-la-alm","status":"publish","type":"post","link":"https:\/\/www.leopoldaueralm.at\/es\/tu-fiesta-de-verano-en-la-alm\/","title":{"rendered":"\u00a1Tu fiesta de verano en la Alm!"},"content":{"rendered":"\n<p>&#8230;ya sea un cumplea\u00f1os, una reuni\u00f3n de antiguos alumnos, una despedida de soltero\/a, una boda, una celebraci\u00f3n familiar o cualquier otra ocasi\u00f3n que merezca ser celebrada por todo lo alto!!<\/p>\n\n<p>\u00a1A partir de 20\/25 personas durante 4 horas por solo 35 \u20ac por persona!<\/p>\n\n<p><strong>\u00a1Comida y bebida &#8211; Todo incluido!<\/strong><\/p>\n\n<ul class=\"wp-block-list\"><li>Aperitivo Frizzante o Frizante de frambuesa, todas las bebidas abiertas como cerveza de la casa, vino, cola, caf\u00e9, t\u00e9, etc. \u00a1\u00a1\u00a1\u00a1\u00a1y eso durante 4 horas completas!!!!!<\/li><\/ul>\n\n<p>Para comer, pod\u00e9is elegir entre:<\/p>\n\n<ul class=\"wp-block-list\"><li>Platos de lech\u00f3n<\/li><\/ul>\n\n<ul class=\"wp-block-list\"><li>Tenedores de esti\u00e9rcol del terror<\/li><\/ul>\n\n<ul class=\"wp-block-list\"><li>Fest\u00edn de la caba\u00f1a alpina<\/li><\/ul>\n\n<p>o pod\u00e9is elaborar un peque\u00f1o men\u00fa con nuestras deliciosas exquisiteces de la carta a la carta, \u00a1incluida la sopa! <\/p>\n\n<ul class=\"wp-block-list\"><li>\u00a1Pod\u00e9is traer el postre (tartas de cumplea\u00f1os, tartas de bautizo, por ejemplo) o pedirlo con nosotros con un recargo!<\/li><\/ul>\n\n<p>Esperamos veros y estaremos encantados de asesoraros personalmente todos los d\u00edas de 10h a 18:00h en el 01 25 98 380 Vuestro equipo de recepci\u00f3n<\/p>\n\n<p>XXL Restaurant Leopoldauer Alm<br\/>Res: 01 25 98 380<br\/>Wagramer Stra\u00dfe 205<br\/>A-1210 Viena<\/p>\n\n<p><strong>\u00a1APARCAMIENTO GRATIS<\/strong>! <br\/>Frente a la Alm os esperan 300 plazas de aparcamiento gratuitas (KIKA WIEN NORD)<\/p>\n\n<p>U1-Aderklaaerstrasse \u00a1\u00a1\u00a1\u00a1\u00a1en solo 15 minutos estar\u00e9is en las discotecas de la CITY!!!!!<\/p>\n","protected":false},"excerpt":{"rendered":"<p>&#8230;ya sea un cumplea\u00f1os, una reuni\u00f3n de antiguos alumnos, una despedida de soltero\/a, una boda, una celebraci\u00f3n familiar o cualquier otra ocasi\u00f3n que merezca ser celebrada por todo lo alto!! \u00a1A partir de 20\/25 personas durante 4 horas por solo 35 \u20ac por persona! \u00a1Comida y bebida &#8211; Todo incluido! Aperitivo Frizzante o Frizante de [&hellip;]<\/p>\n","protected":false},"author":4,"featured_media":23678,"comment_status":"closed","ping_status":"closed","sticky":false,"template":"","format":"standard","meta":{"ocean_post_layout":"","ocean_both_sidebars_style":"","ocean_both_sidebars_content_width":0,"ocean_both_sidebars_sidebars_width":0,"ocean_sidebar":"","ocean_second_sidebar":"","ocean_disable_margins":"enable","ocean_add_body_class":"","ocean_shortcode_before_top_bar":"","ocean_shortcode_after_top_bar":"","ocean_shortcode_before_header":"","ocean_shortcode_after_header":"","ocean_has_shortcode":"","ocean_shortcode_after_title":"","ocean_shortcode_before_footer_widgets":"","ocean_shortcode_after_footer_widgets":"","ocean_shortcode_before_footer_bottom":"","ocean_shortcode_after_footer_bottom":"","ocean_display_top_bar":"default","ocean_display_header":"default","ocean_header_style":"","ocean_center_header_left_menu":"","ocean_custom_header_template":"","ocean_custom_logo":0,"ocean_custom_retina_logo":0,"ocean_custom_logo_max_width":0,"ocean_custom_logo_tablet_max_width":0,"ocean_custom_logo_mobile_max_width":0,"ocean_custom_logo_max_height":0,"ocean_custom_logo_tablet_max_height":0,"ocean_custom_logo_mobile_max_height":0,"ocean_header_custom_menu":"","ocean_menu_typo_font_family":"","ocean_menu_typo_font_subset":"","ocean_menu_typo_font_size":0,"ocean_menu_typo_font_size_tablet":0,"ocean_menu_typo_font_size_mobile":0,"ocean_menu_typo_font_size_unit":"px","ocean_menu_typo_font_weight":"","ocean_menu_typo_font_weight_tablet":"","ocean_menu_typo_font_weight_mobile":"","ocean_menu_typo_transform":"","ocean_menu_typo_transform_tablet":"","ocean_menu_typo_transform_mobile":"","ocean_menu_typo_line_height":0,"ocean_menu_typo_line_height_tablet":0,"ocean_menu_typo_line_height_mobile":0,"ocean_menu_typo_line_height_unit":"","ocean_menu_typo_spacing":0,"ocean_menu_typo_spacing_tablet":0,"ocean_menu_typo_spacing_mobile":0,"ocean_menu_typo_spacing_unit":"","ocean_menu_link_color":"","ocean_menu_link_color_hover":"","ocean_menu_link_color_active":"","ocean_menu_link_background":"","ocean_menu_link_hover_background":"","ocean_menu_link_active_background":"","ocean_menu_social_links_bg":"","ocean_menu_social_hover_links_bg":"","ocean_menu_social_links_color":"","ocean_menu_social_hover_links_color":"","ocean_disable_title":"default","ocean_disable_heading":"default","ocean_post_title":"","ocean_post_subheading":"","ocean_post_title_style":"","ocean_post_title_background_color":"","ocean_post_title_background":0,"ocean_post_title_bg_image_position":"","ocean_post_title_bg_image_attachment":"","ocean_post_title_bg_image_repeat":"","ocean_post_title_bg_image_size":"","ocean_post_title_height":0,"ocean_post_title_bg_overlay":0.5,"ocean_post_title_bg_overlay_color":"","ocean_disable_breadcrumbs":"default","ocean_breadcrumbs_color":"","ocean_breadcrumbs_separator_color":"","ocean_breadcrumbs_links_color":"","ocean_breadcrumbs_links_hover_color":"","ocean_display_footer_widgets":"default","ocean_display_footer_bottom":"default","ocean_custom_footer_template":"","osh_disable_topbar_sticky":"default","osh_disable_header_sticky":"default","osh_sticky_header_style":"default","osh_sticky_header_effect":"","osh_custom_sticky_logo":0,"osh_custom_retina_sticky_logo":0,"osh_custom_sticky_logo_height":0,"osh_background_color":"","osh_links_color":"","osh_links_hover_color":"","osh_links_active_color":"","osh_links_bg_color":"","osh_links_hover_bg_color":"","osh_links_active_bg_color":"","osh_menu_social_links_color":"","osh_menu_social_hover_links_color":"","ocean_post_oembed":"","ocean_post_self_hosted_media":"","ocean_post_video_embed":"","ocean_link_format":"","ocean_link_format_target":"self","ocean_quote_format":"","ocean_quote_format_link":"post","ocean_gallery_link_images":"on","ocean_gallery_id":[],"footnotes":""},"categories":[449],"tags":[],"class_list":["post-23677","post","type-post","status-publish","format-standard","has-post-thumbnail","hentry","category-novedades","entry","has-media","owp-thumbs-layout-horizontal","owp-btn-normal","owp-tabs-layout-horizontal","has-no-thumbnails","has-product-nav"],"yoast_head":"<!-- This site is optimized with the Yoast SEO plugin v27.2 - https:\/\/yoast.com\/product\/yoast-seo-wordpress\/ -->\n<title>\u00a1Tu fiesta de verano en la Alm! - XXL Restaurant Leopoldauer Alm<\/title>\n<meta name=\"robots\" content=\"index, follow, max-snippet:-1, max-image-preview:large, max-video-preview:-1\" \/>\n<link rel=\"canonical\" href=\"https:\/\/www.leopoldaueralm.at\/es\/tu-fiesta-de-verano-en-la-alm\/\" \/>\n<meta property=\"og:locale\" content=\"es_ES\" \/>\n<meta property=\"og:type\" content=\"article\" \/>\n<meta property=\"og:title\" content=\"\u00a1Tu fiesta de verano en la Alm! - XXL Restaurant Leopoldauer Alm\" \/>\n<meta property=\"og:description\" content=\"&#8230;ya sea un cumplea\u00f1os, una reuni\u00f3n de antiguos alumnos, una despedida de soltero\/a, una boda, una celebraci\u00f3n familiar o cualquier otra ocasi\u00f3n que merezca ser celebrada por todo lo alto!! \u00a1A partir de 20\/25 personas durante 4 horas por solo 35 \u20ac por persona! \u00a1Comida y bebida &#8211; Todo incluido! Aperitivo Frizzante o Frizante de [&hellip;]\" \/>\n<meta property=\"og:url\" content=\"https:\/\/www.leopoldaueralm.at\/es\/tu-fiesta-de-verano-en-la-alm\/\" \/>\n<meta property=\"og:site_name\" content=\"XXL Restaurant Leopoldauer Alm\" \/>\n<meta property=\"article:publisher\" content=\"https:\/\/www.facebook.com\/LeopoldauerAlm\" \/>\n<meta property=\"article:published_time\" content=\"2022-04-20T16:29:20+00:00\" \/>\n<meta property=\"article:modified_time\" content=\"2025-11-27T07:21:45+00:00\" \/>\n<meta property=\"og:image\" content=\"https:\/\/www.leopoldaueralm.at\/wp-content\/uploads\/2022\/01\/index2.jpg\" \/>\n\t<meta property=\"og:image:width\" content=\"2048\" \/>\n\t<meta property=\"og:image:height\" content=\"1340\" \/>\n\t<meta property=\"og:image:type\" content=\"image\/jpeg\" \/>\n<meta name=\"author\" content=\"wordpressadmin\" \/>\n<meta name=\"twitter:card\" content=\"summary_large_image\" \/>\n<meta name=\"twitter:label1\" content=\"Escrito por\" \/>\n\t<meta name=\"twitter:data1\" content=\"wordpressadmin\" \/>\n\t<meta name=\"twitter:label2\" content=\"Tiempo de lectura\" \/>\n\t<meta name=\"twitter:data2\" content=\"1 minuto\" \/>\n<script type=\"application\/ld+json\" class=\"yoast-schema-graph\">{\"@context\":\"https:\/\/schema.org\",\"@graph\":[{\"@type\":\"Article\",\"@id\":\"https:\/\/www.leopoldaueralm.at\/es\/tu-fiesta-de-verano-en-la-alm\/#article\",\"isPartOf\":{\"@id\":\"https:\/\/www.leopoldaueralm.at\/es\/tu-fiesta-de-verano-en-la-alm\/\"},\"author\":{\"name\":\"wordpressadmin\",\"@id\":\"https:\/\/www.leopoldaueralm.at\/es\/#\/schema\/person\/2688b57fd55228739c26181b270bf1f1\"},\"headline\":\"\u00a1Tu fiesta de verano en la Alm!\",\"datePublished\":\"2022-04-20T16:29:20+00:00\",\"dateModified\":\"2025-11-27T07:21:45+00:00\",\"mainEntityOfPage\":{\"@id\":\"https:\/\/www.leopoldaueralm.at\/es\/tu-fiesta-de-verano-en-la-alm\/\"},\"wordCount\":208,\"publisher\":{\"@id\":\"https:\/\/www.leopoldaueralm.at\/es\/#organization\"},\"image\":{\"@id\":\"https:\/\/www.leopoldaueralm.at\/es\/tu-fiesta-de-verano-en-la-alm\/#primaryimage\"},\"thumbnailUrl\":\"https:\/\/www.leopoldaueralm.at\/wp-content\/uploads\/2022\/01\/index2.jpg\",\"articleSection\":[\"Novedades\"],\"inLanguage\":\"es\"},{\"@type\":\"WebPage\",\"@id\":\"https:\/\/www.leopoldaueralm.at\/es\/tu-fiesta-de-verano-en-la-alm\/\",\"url\":\"https:\/\/www.leopoldaueralm.at\/es\/tu-fiesta-de-verano-en-la-alm\/\",\"name\":\"\u00a1Tu fiesta de verano en la Alm! - XXL Restaurant Leopoldauer Alm\",\"isPartOf\":{\"@id\":\"https:\/\/www.leopoldaueralm.at\/es\/#website\"},\"primaryImageOfPage\":{\"@id\":\"https:\/\/www.leopoldaueralm.at\/es\/tu-fiesta-de-verano-en-la-alm\/#primaryimage\"},\"image\":{\"@id\":\"https:\/\/www.leopoldaueralm.at\/es\/tu-fiesta-de-verano-en-la-alm\/#primaryimage\"},\"thumbnailUrl\":\"https:\/\/www.leopoldaueralm.at\/wp-content\/uploads\/2022\/01\/index2.jpg\",\"datePublished\":\"2022-04-20T16:29:20+00:00\",\"dateModified\":\"2025-11-27T07:21:45+00:00\",\"breadcrumb\":{\"@id\":\"https:\/\/www.leopoldaueralm.at\/es\/tu-fiesta-de-verano-en-la-alm\/#breadcrumb\"},\"inLanguage\":\"es\",\"potentialAction\":[{\"@type\":\"ReadAction\",\"target\":[\"https:\/\/www.leopoldaueralm.at\/es\/tu-fiesta-de-verano-en-la-alm\/\"]}]},{\"@type\":\"ImageObject\",\"inLanguage\":\"es\",\"@id\":\"https:\/\/www.leopoldaueralm.at\/es\/tu-fiesta-de-verano-en-la-alm\/#primaryimage\",\"url\":\"https:\/\/www.leopoldaueralm.at\/wp-content\/uploads\/2022\/01\/index2.jpg\",\"contentUrl\":\"https:\/\/www.leopoldaueralm.at\/wp-content\/uploads\/2022\/01\/index2.jpg\",\"width\":2048,\"height\":1340},{\"@type\":\"BreadcrumbList\",\"@id\":\"https:\/\/www.leopoldaueralm.at\/es\/tu-fiesta-de-verano-en-la-alm\/#breadcrumb\",\"itemListElement\":[{\"@type\":\"ListItem\",\"position\":1,\"name\":\"Startseite\",\"item\":\"https:\/\/www.leopoldaueralm.at\/es\/pagina-de-inicio\/\"},{\"@type\":\"ListItem\",\"position\":2,\"name\":\"\u00a1Tu fiesta de verano en la Alm!\"}]},{\"@type\":\"WebSite\",\"@id\":\"https:\/\/www.leopoldaueralm.at\/es\/#website\",\"url\":\"https:\/\/www.leopoldaueralm.at\/es\/\",\"name\":\"XXL Restaurant Leopoldauer Alm\",\"description\":\"Das XXL Restaurant in Wien\",\"publisher\":{\"@id\":\"https:\/\/www.leopoldaueralm.at\/es\/#organization\"},\"potentialAction\":[{\"@type\":\"SearchAction\",\"target\":{\"@type\":\"EntryPoint\",\"urlTemplate\":\"https:\/\/www.leopoldaueralm.at\/es\/?s={search_term_string}\"},\"query-input\":{\"@type\":\"PropertyValueSpecification\",\"valueRequired\":true,\"valueName\":\"search_term_string\"}}],\"inLanguage\":\"es\"},{\"@type\":\"Organization\",\"@id\":\"https:\/\/www.leopoldaueralm.at\/es\/#organization\",\"name\":\"XXL Restaurant Leopoldauer Alm\",\"url\":\"https:\/\/www.leopoldaueralm.at\/es\/\",\"logo\":{\"@type\":\"ImageObject\",\"inLanguage\":\"es\",\"@id\":\"https:\/\/www.leopoldaueralm.at\/es\/#\/schema\/logo\/image\/\",\"url\":\"https:\/\/www.leopoldaueralm.at\/wp-content\/uploads\/2019\/12\/leo-logo.png\",\"contentUrl\":\"https:\/\/www.leopoldaueralm.at\/wp-content\/uploads\/2019\/12\/leo-logo.png\",\"width\":250,\"height\":250,\"caption\":\"XXL Restaurant Leopoldauer Alm\"},\"image\":{\"@id\":\"https:\/\/www.leopoldaueralm.at\/es\/#\/schema\/logo\/image\/\"},\"sameAs\":[\"https:\/\/www.facebook.com\/LeopoldauerAlm\"]},{\"@type\":\"Person\",\"@id\":\"https:\/\/www.leopoldaueralm.at\/es\/#\/schema\/person\/2688b57fd55228739c26181b270bf1f1\",\"name\":\"wordpressadmin\",\"image\":{\"@type\":\"ImageObject\",\"inLanguage\":\"es\",\"@id\":\"https:\/\/secure.gravatar.com\/avatar\/fb793e349d538c10a8ce3270c0225ff50e8b2ad7b6d2d12dfaf797751de10fe6?s=96&d=mm&r=g\",\"url\":\"https:\/\/secure.gravatar.com\/avatar\/fb793e349d538c10a8ce3270c0225ff50e8b2ad7b6d2d12dfaf797751de10fe6?s=96&d=mm&r=g\",\"contentUrl\":\"https:\/\/secure.gravatar.com\/avatar\/fb793e349d538c10a8ce3270c0225ff50e8b2ad7b6d2d12dfaf797751de10fe6?s=96&d=mm&r=g\",\"caption\":\"wordpressadmin\"}}]}<\/script>\n<!-- \/ Yoast SEO plugin. -->","yoast_head_json":{"title":"\u00a1Tu fiesta de verano en la Alm! - XXL Restaurant Leopoldauer Alm","robots":{"index":"index","follow":"follow","max-snippet":"max-snippet:-1","max-image-preview":"max-image-preview:large","max-video-preview":"max-video-preview:-1"},"canonical":"https:\/\/www.leopoldaueralm.at\/es\/tu-fiesta-de-verano-en-la-alm\/","og_locale":"es_ES","og_type":"article","og_title":"\u00a1Tu fiesta de verano en la Alm! - XXL Restaurant Leopoldauer Alm","og_description":"&#8230;ya sea un cumplea\u00f1os, una reuni\u00f3n de antiguos alumnos, una despedida de soltero\/a, una boda, una celebraci\u00f3n familiar o cualquier otra ocasi\u00f3n que merezca ser celebrada por todo lo alto!! \u00a1A partir de 20\/25 personas durante 4 horas por solo 35 \u20ac por persona! \u00a1Comida y bebida &#8211; Todo incluido! Aperitivo Frizzante o Frizante de [&hellip;]","og_url":"https:\/\/www.leopoldaueralm.at\/es\/tu-fiesta-de-verano-en-la-alm\/","og_site_name":"XXL Restaurant Leopoldauer Alm","article_publisher":"https:\/\/www.facebook.com\/LeopoldauerAlm","article_published_time":"2022-04-20T16:29:20+00:00","article_modified_time":"2025-11-27T07:21:45+00:00","og_image":[{"width":2048,"height":1340,"url":"https:\/\/www.leopoldaueralm.at\/wp-content\/uploads\/2022\/01\/index2.jpg","type":"image\/jpeg"}],"author":"wordpressadmin","twitter_card":"summary_large_image","twitter_misc":{"Escrito por":"wordpressadmin","Tiempo de lectura":"1 minuto"},"schema":{"@context":"https:\/\/schema.org","@graph":[{"@type":"Article","@id":"https:\/\/www.leopoldaueralm.at\/es\/tu-fiesta-de-verano-en-la-alm\/#article","isPartOf":{"@id":"https:\/\/www.leopoldaueralm.at\/es\/tu-fiesta-de-verano-en-la-alm\/"},"author":{"name":"wordpressadmin","@id":"https:\/\/www.leopoldaueralm.at\/es\/#\/schema\/person\/2688b57fd55228739c26181b270bf1f1"},"headline":"\u00a1Tu fiesta de verano en la Alm!","datePublished":"2022-04-20T16:29:20+00:00","dateModified":"2025-11-27T07:21:45+00:00","mainEntityOfPage":{"@id":"https:\/\/www.leopoldaueralm.at\/es\/tu-fiesta-de-verano-en-la-alm\/"},"wordCount":208,"publisher":{"@id":"https:\/\/www.leopoldaueralm.at\/es\/#organization"},"image":{"@id":"https:\/\/www.leopoldaueralm.at\/es\/tu-fiesta-de-verano-en-la-alm\/#primaryimage"},"thumbnailUrl":"https:\/\/www.leopoldaueralm.at\/wp-content\/uploads\/2022\/01\/index2.jpg","articleSection":["Novedades"],"inLanguage":"es"},{"@type":"WebPage","@id":"https:\/\/www.leopoldaueralm.at\/es\/tu-fiesta-de-verano-en-la-alm\/","url":"https:\/\/www.leopoldaueralm.at\/es\/tu-fiesta-de-verano-en-la-alm\/","name":"\u00a1Tu fiesta de verano en la Alm! - XXL Restaurant Leopoldauer Alm","isPartOf":{"@id":"https:\/\/www.leopoldaueralm.at\/es\/#website"},"primaryImageOfPage":{"@id":"https:\/\/www.leopoldaueralm.at\/es\/tu-fiesta-de-verano-en-la-alm\/#primaryimage"},"image":{"@id":"https:\/\/www.leopoldaueralm.at\/es\/tu-fiesta-de-verano-en-la-alm\/#primaryimage"},"thumbnailUrl":"https:\/\/www.leopoldaueralm.at\/wp-content\/uploads\/2022\/01\/index2.jpg","datePublished":"2022-04-20T16:29:20+00:00","dateModified":"2025-11-27T07:21:45+00:00","breadcrumb":{"@id":"https:\/\/www.leopoldaueralm.at\/es\/tu-fiesta-de-verano-en-la-alm\/#breadcrumb"},"inLanguage":"es","potentialAction":[{"@type":"ReadAction","target":["https:\/\/www.leopoldaueralm.at\/es\/tu-fiesta-de-verano-en-la-alm\/"]}]},{"@type":"ImageObject","inLanguage":"es","@id":"https:\/\/www.leopoldaueralm.at\/es\/tu-fiesta-de-verano-en-la-alm\/#primaryimage","url":"https:\/\/www.leopoldaueralm.at\/wp-content\/uploads\/2022\/01\/index2.jpg","contentUrl":"https:\/\/www.leopoldaueralm.at\/wp-content\/uploads\/2022\/01\/index2.jpg","width":2048,"height":1340},{"@type":"BreadcrumbList","@id":"https:\/\/www.leopoldaueralm.at\/es\/tu-fiesta-de-verano-en-la-alm\/#breadcrumb","itemListElement":[{"@type":"ListItem","position":1,"name":"Startseite","item":"https:\/\/www.leopoldaueralm.at\/es\/pagina-de-inicio\/"},{"@type":"ListItem","position":2,"name":"\u00a1Tu fiesta de verano en la Alm!"}]},{"@type":"WebSite","@id":"https:\/\/www.leopoldaueralm.at\/es\/#website","url":"https:\/\/www.leopoldaueralm.at\/es\/","name":"XXL Restaurant Leopoldauer Alm","description":"Das XXL Restaurant in Wien","publisher":{"@id":"https:\/\/www.leopoldaueralm.at\/es\/#organization"},"potentialAction":[{"@type":"SearchAction","target":{"@type":"EntryPoint","urlTemplate":"https:\/\/www.leopoldaueralm.at\/es\/?s={search_term_string}"},"query-input":{"@type":"PropertyValueSpecification","valueRequired":true,"valueName":"search_term_string"}}],"inLanguage":"es"},{"@type":"Organization","@id":"https:\/\/www.leopoldaueralm.at\/es\/#organization","name":"XXL Restaurant Leopoldauer Alm","url":"https:\/\/www.leopoldaueralm.at\/es\/","logo":{"@type":"ImageObject","inLanguage":"es","@id":"https:\/\/www.leopoldaueralm.at\/es\/#\/schema\/logo\/image\/","url":"https:\/\/www.leopoldaueralm.at\/wp-content\/uploads\/2019\/12\/leo-logo.png","contentUrl":"https:\/\/www.leopoldaueralm.at\/wp-content\/uploads\/2019\/12\/leo-logo.png","width":250,"height":250,"caption":"XXL Restaurant Leopoldauer Alm"},"image":{"@id":"https:\/\/www.leopoldaueralm.at\/es\/#\/schema\/logo\/image\/"},"sameAs":["https:\/\/www.facebook.com\/LeopoldauerAlm"]},{"@type":"Person","@id":"https:\/\/www.leopoldaueralm.at\/es\/#\/schema\/person\/2688b57fd55228739c26181b270bf1f1","name":"wordpressadmin","image":{"@type":"ImageObject","inLanguage":"es","@id":"https:\/\/secure.gravatar.com\/avatar\/fb793e349d538c10a8ce3270c0225ff50e8b2ad7b6d2d12dfaf797751de10fe6?s=96&d=mm&r=g","url":"https:\/\/secure.gravatar.com\/avatar\/fb793e349d538c10a8ce3270c0225ff50e8b2ad7b6d2d12dfaf797751de10fe6?s=96&d=mm&r=g","contentUrl":"https:\/\/secure.gravatar.com\/avatar\/fb793e349d538c10a8ce3270c0225ff50e8b2ad7b6d2d12dfaf797751de10fe6?s=96&d=mm&r=g","caption":"wordpressadmin"}}]}},"_links":{"self":[{"href":"https:\/\/www.leopoldaueralm.at\/es\/wp-json\/wp\/v2\/posts\/23677","targetHints":{"allow":["GET"]}}],"collection":[{"href":"https:\/\/www.leopoldaueralm.at\/es\/wp-json\/wp\/v2\/posts"}],"about":[{"href":"https:\/\/www.leopoldaueralm.at\/es\/wp-json\/wp\/v2\/types\/post"}],"author":[{"embeddable":true,"href":"https:\/\/www.leopoldaueralm.at\/es\/wp-json\/wp\/v2\/users\/4"}],"replies":[{"embeddable":true,"href":"https:\/\/www.leopoldaueralm.at\/es\/wp-json\/wp\/v2\/comments?post=23677"}],"version-history":[{"count":1,"href":"https:\/\/www.leopoldaueralm.at\/es\/wp-json\/wp\/v2\/posts\/23677\/revisions"}],"predecessor-version":[{"id":23679,"href":"https:\/\/www.leopoldaueralm.at\/es\/wp-json\/wp\/v2\/posts\/23677\/revisions\/23679"}],"wp:featuredmedia":[{"embeddable":true,"href":"https:\/\/www.leopoldaueralm.at\/es\/wp-json\/wp\/v2\/media\/23678"}],"wp:attachment":[{"href":"https:\/\/www.leopoldaueralm.at\/es\/wp-json\/wp\/v2\/media?parent=23677"}],"wp:term":[{"taxonomy":"category","embeddable":true,"href":"https:\/\/www.leopoldaueralm.at\/es\/wp-json\/wp\/v2\/categories?post=23677"},{"taxonomy":"post_tag","embeddable":true,"href":"https:\/\/www.leopoldaueralm.at\/es\/wp-json\/wp\/v2\/tags?post=23677"}],"curies":[{"name":"wp","href":"https:\/\/api.w.org\/{rel}","templated":true}]}}